{"id":294,"date":"2023-09-17T21:33:52","date_gmt":"2023-09-17T19:33:52","guid":{"rendered":"https:\/\/lafabriqueavoyages62.com\/?p=294"},"modified":"2023-09-17T22:57:12","modified_gmt":"2023-09-17T20:57:12","slug":"5-idees-indispensables-pour-voyager-en-van","status":"publish","type":"post","link":"https:\/\/lafabriqueavoyages62.com\/index.php\/2023\/09\/17\/5-idees-indispensables-pour-voyager-en-van\/","title":{"rendered":"5 id\u00e9es indispensables pour voyager en Van"},"content":{"rendered":"\t\t<div data-elementor-type=\"wp-post\" data-elementor-id=\"294\" class=\"elementor elementor-294\">\n\t\t\t\t\t\t\t\t\t<section class=\"elementor-section elementor-top-section elementor-element elementor-element-3bf9b9bf elementor-section-boxed elementor-section-height-default elementor-section-height-default\" data-id=\"3bf9b9bf\" data-element_type=\"section\">\n\t\t\t\t\t\t<div class=\"elementor-container elementor-column-gap-default\">\n\t\t\t\t\t<div class=\"elementor-column elementor-col-100 elementor-top-column elementor-element elementor-element-4f0084a1\" data-id=\"4f0084a1\" data-element_type=\"column\">\n\t\t\t<div class=\"elementor-widget-wrap elementor-element-populated\">\n\t\t\t\t\t\t\t\t<div class=\"elementor-element elementor-element-63e58d8c elementor-widget elementor-widget-text-editor\" data-id=\"63e58d8c\" data-element_type=\"widget\" data-widget_type=\"text-editor.default\">\n\t\t\t\t<div class=\"elementor-widget-container\">\n\t\t\t<style>\/*! elementor - v3.15.0 - 20-08-2023 *\/\n.elementor-widget-text-editor.elementor-drop-cap-view-stacked .elementor-drop-cap{background-color:#69727d;color:#fff}.elementor-widget-text-editor.elementor-drop-cap-view-framed .elementor-drop-cap{color:#69727d;border:3px solid;background-color:transparent}.elementor-widget-text-editor:not(.elementor-drop-cap-view-default) .elementor-drop-cap{margin-top:8px}.elementor-widget-text-editor:not(.elementor-drop-cap-view-default) .elementor-drop-cap-letter{width:1em;height:1em}.elementor-widget-text-editor .elementor-drop-cap{float:left;text-align:center;line-height:1;font-size:50px}.elementor-widget-text-editor .elementor-drop-cap-letter{display:inline-block}<\/style>\t\t\t\t<!-- wp:paragraph -->\n<p>Le moment est venu pour vous de sauter le pas et de concr\u00e9tiser votre projet d\u2019am\u00e9nagement de Van ? F\u00e9licitations, c\u2019est une super aventure que vous vous appr\u00eatez \u00e0 vivre. Une fois le projet bien en t\u00eate, il est important de prendre en compte certains \u00e9l\u00e9ments dans l\u2019am\u00e9nagement de votre van. Agencement, organisation, mat\u00e9riels, accessoires\u2026 Bref, la liste des choses \u00e0 avoir en t\u00eate peut vite s\u2019allonger. D\u00e9couvrez dans cet article, nos 5 id\u00e9es indispensables pour voyager confortablement et sereinement en van. En route !<\/p>\n<!-- \/wp:paragraph -->\n\n<!-- wp:paragraph -->\n<p><\/p>\n<!-- \/wp:paragraph -->\t\t\t\t\t\t<\/div>\n\t\t\t\t<\/div>\n\t\t\t\t<div class=\"elementor-element elementor-element-571f2a1 elementor-widget elementor-widget-image\" data-id=\"571f2a1\" data-element_type=\"widget\" data-widget_type=\"image.default\">\n\t\t\t\t<div class=\"elementor-widget-container\">\n\t\t\t<style>\/*! elementor - v3.15.0 - 20-08-2023 *\/\n.elementor-widget-image{text-align:center}.elementor-widget-image a{display:inline-block}.elementor-widget-image a img[src$=\".svg\"]{width:48px}.elementor-widget-image img{vertical-align:middle;display:inline-block}<\/style>\t\t\t\t\t\t\t\t\t<figure class=\"wp-caption\">\n\t\t\t\t\t\t\t\t\t\t<img loading=\"lazy\" decoding=\"async\" width=\"1024\" height=\"520\" src=\"https:\/\/lafabriqueavoyages62.com\/wp-content\/uploads\/2023\/09\/clay-banks-2-unsplash-1024x520.jpg\" class=\"attachment-large size-large wp-image-394\" alt=\"Van int\u00e9rieur am\u00e9nag\u00e9\" srcset=\"https:\/\/lafabriqueavoyages62.com\/wp-content\/uploads\/2023\/09\/clay-banks-2-unsplash-1024x520.jpg 1024w, https:\/\/lafabriqueavoyages62.com\/wp-content\/uploads\/2023\/09\/clay-banks-2-unsplash-300x152.jpg 300w, https:\/\/lafabriqueavoyages62.com\/wp-content\/uploads\/2023\/09\/clay-banks-2-unsplash-768x390.jpg 768w, https:\/\/lafabriqueavoyages62.com\/wp-content\/uploads\/2023\/09\/clay-banks-2-unsplash-1536x781.jpg 1536w, https:\/\/lafabriqueavoyages62.com\/wp-content\/uploads\/2023\/09\/clay-banks-2-unsplash-2048x1041.jpg 2048w\" sizes=\"auto, (max-width: 1024px) 100vw, 1024px\" \/>\t\t\t\t\t\t\t\t\t\t\t<figcaption class=\"widget-image-caption wp-caption-text\">Photo de Clay Banks sur Unsplash<\/figcaption>\n\t\t\t\t\t\t\t\t\t\t<\/figure>\n\t\t\t\t\t\t\t\t\t<\/div>\n\t\t\t\t<\/div>\n\t\t\t\t\t<\/div>\n\t\t<\/div>\n\t\t\t\t\t\t\t<\/div>\n\t\t<\/section>\n\t\t\t\t<section class=\"elementor-section elementor-top-section elementor-element elementor-element-9967805 elementor-section-boxed elementor-section-height-default elementor-section-height-default\" data-id=\"9967805\" data-element_type=\"section\">\n\t\t\t\t\t\t<div class=\"elementor-container elementor-column-gap-default\">\n\t\t\t\t\t<div class=\"elementor-column elementor-col-100 elementor-top-column elementor-element elementor-element-011cc8f\" data-id=\"011cc8f\" data-element_type=\"column\">\n\t\t\t<div class=\"elementor-widget-wrap elementor-element-populated\">\n\t\t\t\t\t\t\t\t<div class=\"elementor-element elementor-element-14a7492 elementor-widget elementor-widget-text-editor\" data-id=\"14a7492\" data-element_type=\"widget\" data-widget_type=\"text-editor.default\">\n\t\t\t\t<div class=\"elementor-widget-container\">\n\t\t\t\t\t\t\t<h2><b>Am\u00e9nager votre van sur-mesure<\/b><\/h2>\n<p>Le sur-mesure par d\u00e9finition correspond \u00e0 un \u00e9l\u00e9ment con\u00e7u selon des sp\u00e9cifications pr\u00e9cises. Et autant dire que pour l\u2019am\u00e9nagement d\u2019un van, chaque centim\u00e8tre d\u2019espace disponible est important. Lors de la conception de votre projet, nous vous conseillons d\u2019exploiter \u00e0 100% chaque m\u00e8tre carr\u00e9. Meubles adapt\u00e9s \u00e0 la surface, rangements qui s\u2019embo\u00eetent ou mobiliers optimis\u00e9s, les solutions sont nombreuses. D\u2019o\u00f9 l\u2019importance d\u2019\u00eatre accompagn\u00e9 dans ce projet d\u2019am\u00e9nagement.<\/p>\n<h2><b>D\u00e9corer le van selon vos go\u00fbts<\/b><\/h2>\n<p>Que vous souhaitiez parcourir de longues heures de routes ou partir plusieurs mois en van, l\u2019important est que vous soyez dans un vrai cocon, le v\u00f4tre ! Pour votre confort et surtout pour vous sentir comme \u00e0 la maison, pensez \u00e0 d\u00e9corer votre van selon vos go\u00fbts. Car l\u2019am\u00e9nagement ne prend pas seulement en compte la conception et les mat\u00e9riaux. Dans la d\u00e9coration, entres les couleurs ou les tissus, la palette de choix est large.<\/p>\n<h2><b>Utiliser les murs<\/b><\/h2>\n<p>Nous l\u2019expliquions pr\u00e9c\u00e9demment, chaque m\u00e8tre carr\u00e9 compte dans l\u2019am\u00e9nagement d\u2019un van. Pour cette raison, pensez \u00e0 utiliser les murs. Vous pouvez par exemple y accrocher de la vaisselles, des v\u00eatements ou d\u2019autres objets qui y trouvent place. Les id\u00e9es sont nombreuses, soyez cr\u00e9atif(s) !<span class=\"Apple-converted-space\">\u00a0<\/span><\/p>\n<h2><b>Du rangement, du rangement et encore du rangement<\/b><\/h2>\n<p>Lors de la conception de votre projet, il est indispensable de pr\u00e9voir beaucoup de rangement. Car qui dit maximum de rangement dit minimum d\u2019encombrement. Voyez chaque coin, chaque meuble comme un endroit \u00e0 exploiter pour y placer tiroirs ou armoires. Vous comprenez l\u2019importance de bien concevoir votre am\u00e9nagement de van. Prenez le temps de r\u00e9fl\u00e9chir aux plan !<span class=\"Apple-converted-space\">\u00a0<\/span><\/p>\n<h2><b>Et la douche dans tout \u00e7a ?<\/b><\/h2>\n<p>Pour la douche, plusieurs options existent et l\u00e0 c\u2019est vous qui voyez. Toutefois, certaines id\u00e9es rencontrent plus de succ\u00e8s. On pense notamment \u00e0 la douche solaire, tr\u00e8s pratique et facile d\u2019utilisation. Il suffit de laisser chauffer la poche d\u2019eau au soleil puis de l\u2019utiliser quelques heures apr\u00e8s. Son prix est plut\u00f4t accessible, vous pouvez trouver une douche solaire \u00e0 partir de 25\u20ac. Pour les budgets plus ais\u00e9s et en fonction de la taille de votre van ou fourgon, il est possible de pr\u00e9voir l\u2019am\u00e9nagement d\u2019une douche fixe. Si vous ne souhaitez pas de l\u2019option fixe, il est possible de pr\u00e9voir une douche modulable.<span class=\"Apple-converted-space\">\u00a0<\/span><\/p>\n<p>Comme vous le constatez, <a href=\"https:\/\/lafabriquevoyages2505.live-website.com\/index.php\/2023\/09\/17\/van-ou-fourgon-amenage\/\">la vie en van ou en fourgon<\/a> n\u00e9cessite un important travail de conception et de r\u00e9flexion. C\u2019est pour cette raison que nous avons \u00e0 coeur de vous accompagner dans votre projet, pour vous faciliter l\u2019acc\u00e8s \u00e0 votre r\u00eave. Pour aller plus loin, d\u00e9couvrez notre article sur le co\u00fbt d\u2019un van am\u00e9nag\u00e9.<\/p>\t\t\t\t\t\t<\/div>\n\t\t\t\t<\/div>\n\t\t\t\t\t<\/div>\n\t\t<\/div>\n\t\t\t\t\t\t\t<\/div>\n\t\t<\/section>\n\t\t\t\t\t\t\t<\/div>\n\t\t","protected":false},"excerpt":{"rendered":"<p>Le moment est venu pour vous de sauter le pas et de concr\u00e9tiser votre projet d\u2019am\u00e9nagement de Van ? F\u00e9licitations, c\u2019est une super aventure que vous vous appr\u00eatez \u00e0 vivre&#8230;.<\/p>\n","protected":false},"author":1,"featured_media":394,"comment_status":"closed","ping_status":"closed","sticky":false,"template":"","format":"standard","meta":{"footnotes":""},"categories":[],"tags":[],"class_list":["post-294","post","type-post","status-publish","format-standard","has-post-thumbnail"],"_links":{"self":[{"href":"https:\/\/lafabriqueavoyages62.com\/index.php\/wp-json\/wp\/v2\/posts\/294","targetHints":{"allow":["GET"]}}],"collection":[{"href":"https:\/\/lafabriqueavoyages62.com\/index.php\/wp-json\/wp\/v2\/posts"}],"about":[{"href":"https:\/\/lafabriqueavoyages62.com\/index.php\/wp-json\/wp\/v2\/types\/post"}],"author":[{"embeddable":true,"href":"https:\/\/lafabriqueavoyages62.com\/index.php\/wp-json\/wp\/v2\/users\/1"}],"replies":[{"embeddable":true,"href":"https:\/\/lafabriqueavoyages62.com\/index.php\/wp-json\/wp\/v2\/comments?post=294"}],"version-history":[{"count":25,"href":"https:\/\/lafabriqueavoyages62.com\/index.php\/wp-json\/wp\/v2\/posts\/294\/revisions"}],"predecessor-version":[{"id":412,"href":"https:\/\/lafabriqueavoyages62.com\/index.php\/wp-json\/wp\/v2\/posts\/294\/revisions\/412"}],"wp:featuredmedia":[{"embeddable":true,"href":"https:\/\/lafabriqueavoyages62.com\/index.php\/wp-json\/wp\/v2\/media\/394"}],"wp:attachment":[{"href":"https:\/\/lafabriqueavoyages62.com\/index.php\/wp-json\/wp\/v2\/media?parent=294"}],"wp:term":[{"taxonomy":"category","embeddable":true,"href":"https:\/\/lafabriqueavoyages62.com\/index.php\/wp-json\/wp\/v2\/categories?post=294"},{"taxonomy":"post_tag","embeddable":true,"href":"https:\/\/lafabriqueavoyages62.com\/index.php\/wp-json\/wp\/v2\/tags?post=294"}],"curies":[{"name":"wp","href":"https:\/\/api.w.org\/{rel}","templated":true}]}}