{"id":303,"date":"2023-09-17T21:42:14","date_gmt":"2023-09-17T19:42:14","guid":{"rendered":"https:\/\/lafabriqueavoyages62.com\/?p=303"},"modified":"2023-09-17T22:47:06","modified_gmt":"2023-09-17T20:47:06","slug":"amenagement-van-les-5-erreurs-a-ne-surtout-pas-faire","status":"publish","type":"post","link":"https:\/\/lafabriqueavoyages62.com\/index.php\/2023\/09\/17\/amenagement-van-les-5-erreurs-a-ne-surtout-pas-faire\/","title":{"rendered":"Am\u00e9nagement Van : les 5 erreurs \u00e0 ne surtout pas faire"},"content":{"rendered":"\t\t<div data-elementor-type=\"wp-post\" data-elementor-id=\"303\" class=\"elementor elementor-303\">\n\t\t\t\t\t\t\t\t\t<section class=\"elementor-section elementor-top-section elementor-element elementor-element-912d84a elementor-section-boxed elementor-section-height-default elementor-section-height-default\" data-id=\"912d84a\" data-element_type=\"section\">\n\t\t\t\t\t\t<div class=\"elementor-container elementor-column-gap-default\">\n\t\t\t\t\t<div class=\"elementor-column elementor-col-100 elementor-top-column elementor-element elementor-element-1ef4511\" data-id=\"1ef4511\" data-element_type=\"column\">\n\t\t\t<div class=\"elementor-widget-wrap elementor-element-populated\">\n\t\t\t\t\t\t\t\t<div class=\"elementor-element elementor-element-5d4e264 elementor-widget elementor-widget-text-editor\" data-id=\"5d4e264\" data-element_type=\"widget\" data-widget_type=\"text-editor.default\">\n\t\t\t\t<div class=\"elementor-widget-container\">\n\t\t\t<style>\/*! elementor - v3.15.0 - 20-08-2023 *\/\n.elementor-widget-text-editor.elementor-drop-cap-view-stacked .elementor-drop-cap{background-color:#69727d;color:#fff}.elementor-widget-text-editor.elementor-drop-cap-view-framed .elementor-drop-cap{color:#69727d;border:3px solid;background-color:transparent}.elementor-widget-text-editor:not(.elementor-drop-cap-view-default) .elementor-drop-cap{margin-top:8px}.elementor-widget-text-editor:not(.elementor-drop-cap-view-default) .elementor-drop-cap-letter{width:1em;height:1em}.elementor-widget-text-editor .elementor-drop-cap{float:left;text-align:center;line-height:1;font-size:50px}.elementor-widget-text-editor .elementor-drop-cap-letter{display:inline-block}<\/style>\t\t\t\t<p>Vous avez enfin eu les clefs de votre van ou de votre fourgon et il est temps de passer \u00e0 l\u2019am\u00e9nagement ? Cette \u00e9tape importante demande du temps et plusieurs prises de d\u00e9cisions. Entre nous, parfois l\u2019envie est tellement forte que dans la pr\u00e9cipitation, certaines erreurs sont commises. Avant de vous lancer t\u00eate baiss\u00e9e dans ce projet, nous avons regroup\u00e9 ici les 5 erreurs \u00e0 ne surtout pas faire lorsque l\u2019on d\u00e9cide d\u2019am\u00e9nager soi-m\u00eame un van ou un fourgon.<\/p>\t\t\t\t\t\t<\/div>\n\t\t\t\t<\/div>\n\t\t\t\t\t<\/div>\n\t\t<\/div>\n\t\t\t\t\t\t\t<\/div>\n\t\t<\/section>\n\t\t\t\t<section class=\"elementor-section elementor-top-section elementor-element elementor-element-14ff12b elementor-section-boxed elementor-section-height-default elementor-section-height-default\" data-id=\"14ff12b\" data-element_type=\"section\">\n\t\t\t\t\t\t<div class=\"elementor-container elementor-column-gap-default\">\n\t\t\t\t\t<div class=\"elementor-column elementor-col-100 elementor-top-column elementor-element elementor-element-80e241a\" data-id=\"80e241a\" data-element_type=\"column\">\n\t\t\t<div class=\"elementor-widget-wrap elementor-element-populated\">\n\t\t\t\t\t\t\t\t<div class=\"elementor-element elementor-element-963a422 elementor-widget elementor-widget-image\" data-id=\"963a422\" data-element_type=\"widget\" data-widget_type=\"image.default\">\n\t\t\t\t<div class=\"elementor-widget-container\">\n\t\t\t<style>\/*! elementor - v3.15.0 - 20-08-2023 *\/\n.elementor-widget-image{text-align:center}.elementor-widget-image a{display:inline-block}.elementor-widget-image a img[src$=\".svg\"]{width:48px}.elementor-widget-image img{vertical-align:middle;display:inline-block}<\/style>\t\t\t\t\t\t\t\t\t<figure class=\"wp-caption\">\n\t\t\t\t\t\t\t\t\t\t<img loading=\"lazy\" decoding=\"async\" width=\"1024\" height=\"520\" src=\"https:\/\/lafabriqueavoyages62.com\/wp-content\/uploads\/2023\/09\/peter-thomas-unsplash-1024x520.jpg\" class=\"attachment-large size-large wp-image-388\" alt=\"Ext\u00e9rieur van am\u00e9nag\u00e9\" srcset=\"https:\/\/lafabriqueavoyages62.com\/wp-content\/uploads\/2023\/09\/peter-thomas-unsplash-1024x520.jpg 1024w, https:\/\/lafabriqueavoyages62.com\/wp-content\/uploads\/2023\/09\/peter-thomas-unsplash-300x152.jpg 300w, https:\/\/lafabriqueavoyages62.com\/wp-content\/uploads\/2023\/09\/peter-thomas-unsplash-768x390.jpg 768w, https:\/\/lafabriqueavoyages62.com\/wp-content\/uploads\/2023\/09\/peter-thomas-unsplash-1536x781.jpg 1536w, https:\/\/lafabriqueavoyages62.com\/wp-content\/uploads\/2023\/09\/peter-thomas-unsplash-2048x1041.jpg 2048w\" sizes=\"auto, (max-width: 1024px) 100vw, 1024px\" \/>\t\t\t\t\t\t\t\t\t\t\t<figcaption class=\"widget-image-caption wp-caption-text\">Photo de Peter Thomas sur Unsplash<\/figcaption>\n\t\t\t\t\t\t\t\t\t\t<\/figure>\n\t\t\t\t\t\t\t\t\t<\/div>\n\t\t\t\t<\/div>\n\t\t\t\t\t<\/div>\n\t\t<\/div>\n\t\t\t\t\t\t\t<\/div>\n\t\t<\/section>\n\t\t\t\t<section class=\"elementor-section elementor-top-section elementor-element elementor-element-d2260e7 elementor-section-boxed elementor-section-height-default elementor-section-height-default\" data-id=\"d2260e7\" data-element_type=\"section\">\n\t\t\t\t\t\t<div class=\"elementor-container elementor-column-gap-default\">\n\t\t\t\t\t<div class=\"elementor-column elementor-col-100 elementor-top-column elementor-element elementor-element-f74a4fb\" data-id=\"f74a4fb\" data-element_type=\"column\">\n\t\t\t<div class=\"elementor-widget-wrap elementor-element-populated\">\n\t\t\t\t\t\t\t\t<div class=\"elementor-element elementor-element-f761a61 elementor-widget elementor-widget-text-editor\" data-id=\"f761a61\" data-element_type=\"widget\" data-widget_type=\"text-editor.default\">\n\t\t\t\t<div class=\"elementor-widget-container\">\n\t\t\t\t\t\t\t<h2><b>Ne pas bien pr\u00e9parer le projet<span class=\"Apple-converted-space\">\u00a0<\/span><\/b><\/h2><p>L\u2019am\u00e9nagement d\u2019un van n\u2019est pas un projet qui se d\u00e9cide en quelques jours. C\u2019est un vrai investissement de temps et d\u2019argent. Pour cela, il est indispensable de prendre le temps de r\u00e9unir dans une liste toutes les choses \u00e0 faire et \u00e0 penser. Quand allez-vous utiliser le v\u00e9hicule et sur quel type de route ? Quels sont les \u00e9quipements indispensables selon vous pour votre confort et celui de vos passagers ? Combien de rangements vous faut-il ? Combien d\u2019objets, de mat\u00e9riels comptez-vous emmener ? Et concernant l\u2019\u00e9lectrom\u00e9nager, souhaitez-vous un frigo, un lave-vaisselle, lave-linge\u2026 ? Si vous ne prenez pas le temps de bien pr\u00e9parer le projet, vous risquez de ne pas avoir le van ou le fourgon de vos r\u00eaves. Et autant dire que ce serait dommage. Prenez le temps de construire vos plans, il en va de votre confort et bien-\u00eatre !<\/p><h2><b>Ne pas concevoir de plan<span class=\"Apple-converted-space\">\u00a0<\/span><\/b><\/h2><p>Une fois que vous avez compl\u00e9t\u00e9 votre liste d\u2019envies, pensez \u00e0 mettre sur papier ce \u00e0 quoi vous aimeriez que votre van ressemble. De l\u2019int\u00e9rieur \u00e0 l\u2019ext\u00e9rieur, cette \u00e9tape permet de visualiser le r\u00e9sultat final. Et pour cela, pensez \u00e0 mod\u00e9liser sur un plan 3D. Vous pourrez rapidement identifier les espaces de rangements, les mesures pr\u00e9cises et l\u2019emplacement du mobilier. Ne n\u00e9gligez pas l\u2019importance de concevoir un plan, vous nous remercierez plus tard.<\/p><h2><b>Ne pas vouloir beaucoup de rangements<\/b><\/h2><p>Dans l\u2019am\u00e9nagement d\u2019un van, certaines r\u00e9flexions sont indispensables. Ici, on parle rangement. Chaque m\u00e8tre carr\u00e9 compte, et parfois on a tendance \u00e0 croire qu\u2019on ne va pas emporter grand chose. Et bien d\u00e9trompez-vous, car la tentation est grande. Ustensiles de cuisine, v\u00eatements, livres, chaussures, draps, serviettes,\u2026 Finalement autant d\u2019accessoires qui n\u00e9cessite une place pr\u00e9cise. Car voyager dans un van, c\u2019est accepter de vivre dans un espace r\u00e9duit. Il est important de r\u00e9fl\u00e9chir \u00e0 avoir assez de rangements, tiroirs et placards compris, et d\u2019utiliser chaque petit recoin disponible \u00e0 son maximum.<span class=\"Apple-converted-space\">\u00a0<\/span><\/p><h2><b>Ne pas se renseigner sur les normes de s\u00e9curit\u00e9<\/b><\/h2><p>Dans le cadre de l\u2019am\u00e9nagement d\u2019un v\u00e9hicule, de nombreuses normes de s\u00e9curit\u00e9 existent. Ne vous lancez pas t\u00eate baiss\u00e9e sans vous renseignez. Pour \u00eatre en r\u00e8gle, votre v\u00e9hicule doit obtenir la mention \u00ab\u00a0VASP Camping-Car\u00a0\u00bb. Cette derni\u00e8re est indispensable car si votre fourgon ne dispose pas de la mention VASP sur la carte grise alors il sera refus\u00e9 au contr\u00f4le technique. Ensuite, il faut respecter les normes pour l\u2019installation du gaz, le poids de l\u2019am\u00e9nagement, le nombre d\u2019a\u00e9rations,\u2026 La liste peut vite \u00eatre longue. Prenez le temps de vous renseigner et de vous faire accompagner par des professionnels.<span class=\"Apple-converted-space\">\u00a0<\/span><\/p><h2><b>Ne pas r\u00e9aliser l\u2019isolation du sol<\/b><\/h2><p>En fonction de la p\u00e9riode o\u00f9 vous allez voyager, il est possible de rouler \u00e0 des temp\u00e9ratures basses. Pour votre confort, pensez \u00e0 bien isoler le sol de votre Van. L\u2019isolation doit \u00eatre performante et de qualit\u00e9. Pour cette raison, prenez le temps de choisir un bon isolant : laine de mouton, li\u00e8ge, bio fibre ou multicouches.<span class=\"Apple-converted-space\">\u00a0<\/span><\/p><p>Comme vous pouvez le remarquer, plusieurs erreurs sont \u00e0 \u00e9viter. De la conception du projet, au plan, rangement, s\u00e9curit\u00e9 et isolation, la liste s\u2019allonge vite. Des doutes ? Chez La Fabrique \u00e0 Voyage, nous connaissons l\u2019importance de toutes les \u00e9tapes que n\u00e9cessitent l\u2019am\u00e9nagement d\u2019un v\u00e9hicule. C\u2019est pour cette raison que nous vous proposons des prestations de qualit\u00e9, 100% personnalis\u00e9es. Pour r\u00e9aliser sereinement votre projet, <a href=\"https:\/\/lafabriquevoyages2505.live-website.com\/index.php\/contact\/\">contactez-moi et prenons la route ensemble<\/a> \ud83d\ude98\u00a0<\/p>\t\t\t\t\t\t<\/div>\n\t\t\t\t<\/div>\n\t\t\t\t\t<\/div>\n\t\t<\/div>\n\t\t\t\t\t\t\t<\/div>\n\t\t<\/section>\n\t\t\t\t\t\t\t<\/div>\n\t\t","protected":false},"excerpt":{"rendered":"<p>Vous avez enfin eu les clefs de votre van ou de votre fourgon et il est temps de passer \u00e0 l\u2019am\u00e9nagement ? Cette \u00e9tape importante demande du temps et plusieurs&#8230;<\/p>\n","protected":false},"author":1,"featured_media":388,"comment_status":"closed","ping_status":"closed","sticky":false,"template":"","format":"standard","meta":{"footnotes":""},"categories":[],"tags":[],"class_list":["post-303","post","type-post","status-publish","format-standard","has-post-thumbnail"],"_links":{"self":[{"href":"https:\/\/lafabriqueavoyages62.com\/index.php\/wp-json\/wp\/v2\/posts\/303","targetHints":{"allow":["GET"]}}],"collection":[{"href":"https:\/\/lafabriqueavoyages62.com\/index.php\/wp-json\/wp\/v2\/posts"}],"about":[{"href":"https:\/\/lafabriqueavoyages62.com\/index.php\/wp-json\/wp\/v2\/types\/post"}],"author":[{"embeddable":true,"href":"https:\/\/lafabriqueavoyages62.com\/index.php\/wp-json\/wp\/v2\/users\/1"}],"replies":[{"embeddable":true,"href":"https:\/\/lafabriqueavoyages62.com\/index.php\/wp-json\/wp\/v2\/comments?post=303"}],"version-history":[{"count":9,"href":"https:\/\/lafabriqueavoyages62.com\/index.php\/wp-json\/wp\/v2\/posts\/303\/revisions"}],"predecessor-version":[{"id":392,"href":"https:\/\/lafabriqueavoyages62.com\/index.php\/wp-json\/wp\/v2\/posts\/303\/revisions\/392"}],"wp:featuredmedia":[{"embeddable":true,"href":"https:\/\/lafabriqueavoyages62.com\/index.php\/wp-json\/wp\/v2\/media\/388"}],"wp:attachment":[{"href":"https:\/\/lafabriqueavoyages62.com\/index.php\/wp-json\/wp\/v2\/media?parent=303"}],"wp:term":[{"taxonomy":"category","embeddable":true,"href":"https:\/\/lafabriqueavoyages62.com\/index.php\/wp-json\/wp\/v2\/categories?post=303"},{"taxonomy":"post_tag","embeddable":true,"href":"https:\/\/lafabriqueavoyages62.com\/index.php\/wp-json\/wp\/v2\/tags?post=303"}],"curies":[{"name":"wp","href":"https:\/\/api.w.org\/{rel}","templated":true}]}}