{"id":331,"date":"2023-09-17T22:05:12","date_gmt":"2023-09-17T20:05:12","guid":{"rendered":"https:\/\/lafabriqueavoyages62.com\/?p=331"},"modified":"2023-09-18T22:20:37","modified_gmt":"2023-09-18T20:20:37","slug":"combien-coute-un-van-amenage","status":"publish","type":"post","link":"https:\/\/lafabriqueavoyages62.com\/index.php\/2023\/09\/17\/combien-coute-un-van-amenage\/","title":{"rendered":"Combien co\u00fbte un Van am\u00e9nag\u00e9 ?"},"content":{"rendered":"\t\t<div data-elementor-type=\"wp-post\" data-elementor-id=\"331\" class=\"elementor elementor-331\">\n\t\t\t\t\t\t\t\t\t<section class=\"elementor-section elementor-top-section elementor-element elementor-element-9219b12 elementor-section-boxed elementor-section-height-default elementor-section-height-default\" data-id=\"9219b12\" data-element_type=\"section\">\n\t\t\t\t\t\t<div class=\"elementor-container elementor-column-gap-default\">\n\t\t\t\t\t<div class=\"elementor-column elementor-col-100 elementor-top-column elementor-element elementor-element-3e8c47d\" data-id=\"3e8c47d\" data-element_type=\"column\">\n\t\t\t<div class=\"elementor-widget-wrap elementor-element-populated\">\n\t\t\t\t\t\t\t\t<div class=\"elementor-element elementor-element-33a96a2 elementor-widget elementor-widget-text-editor\" data-id=\"33a96a2\" data-element_type=\"widget\" data-widget_type=\"text-editor.default\">\n\t\t\t\t<div class=\"elementor-widget-container\">\n\t\t\t<style>\/*! elementor - v3.15.0 - 20-08-2023 *\/\n.elementor-widget-text-editor.elementor-drop-cap-view-stacked .elementor-drop-cap{background-color:#69727d;color:#fff}.elementor-widget-text-editor.elementor-drop-cap-view-framed .elementor-drop-cap{color:#69727d;border:3px solid;background-color:transparent}.elementor-widget-text-editor:not(.elementor-drop-cap-view-default) .elementor-drop-cap{margin-top:8px}.elementor-widget-text-editor:not(.elementor-drop-cap-view-default) .elementor-drop-cap-letter{width:1em;height:1em}.elementor-widget-text-editor .elementor-drop-cap{float:left;text-align:center;line-height:1;font-size:50px}.elementor-widget-text-editor .elementor-drop-cap-letter{display:inline-block}<\/style>\t\t\t\t<p>Depuis quelques ann\u00e9es maintenant, la VanLife a fait son apparition. Ce mode de vie consiste \u00e0 tout quitter pour voyager dans un van ou un fourgon am\u00e9nag\u00e9 et se (re)connecter \u00e0 la nature. De nombreuses personnes font le choix de laisser leur vie s\u00e9dentaire pour partir \u00e0 l\u2019aventure et \u00e0 la d\u00e9couverte de nouveaux sentiers battus, hors des grandes agglom\u00e9rations. Vous aimeriez tenter l\u2019exp\u00e9rience ? Super ! Mais sachez que cela demande un certain budget. D\u00e9couvrez ci-dessous le co\u00fbt d\u2019un van am\u00e9nag\u00e9.<span class=\"Apple-converted-space\">\u00a0<\/span><\/p>\t\t\t\t\t\t<\/div>\n\t\t\t\t<\/div>\n\t\t\t\t\t<\/div>\n\t\t<\/div>\n\t\t\t\t\t\t\t<\/div>\n\t\t<\/section>\n\t\t\t\t<section class=\"elementor-section elementor-top-section elementor-element elementor-element-e089919 elementor-section-boxed elementor-section-height-default elementor-section-height-default\" data-id=\"e089919\" data-element_type=\"section\">\n\t\t\t\t\t\t<div class=\"elementor-container elementor-column-gap-default\">\n\t\t\t\t\t<div class=\"elementor-column elementor-col-100 elementor-top-column elementor-element elementor-element-d40447f\" data-id=\"d40447f\" data-element_type=\"column\">\n\t\t\t<div class=\"elementor-widget-wrap elementor-element-populated\">\n\t\t\t\t\t\t\t\t<div class=\"elementor-element elementor-element-01f00e0 elementor-widget elementor-widget-image\" data-id=\"01f00e0\" data-element_type=\"widget\" data-widget_type=\"image.default\">\n\t\t\t\t<div class=\"elementor-widget-container\">\n\t\t\t<style>\/*! elementor - v3.15.0 - 20-08-2023 *\/\n.elementor-widget-image{text-align:center}.elementor-widget-image a{display:inline-block}.elementor-widget-image a img[src$=\".svg\"]{width:48px}.elementor-widget-image img{vertical-align:middle;display:inline-block}<\/style>\t\t\t\t\t\t\t\t\t<figure class=\"wp-caption\">\n\t\t\t\t\t\t\t\t\t\t<img loading=\"lazy\" decoding=\"async\" width=\"1024\" height=\"520\" src=\"https:\/\/lafabriqueavoyages62.com\/wp-content\/uploads\/2023\/09\/ion-tolstoy-unsplash-1024x520.jpg\" class=\"attachment-large size-large wp-image-384\" alt=\"Int\u00e9rieur van am\u00e9nag\u00e9\" srcset=\"https:\/\/lafabriqueavoyages62.com\/wp-content\/uploads\/2023\/09\/ion-tolstoy-unsplash-1024x520.jpg 1024w, https:\/\/lafabriqueavoyages62.com\/wp-content\/uploads\/2023\/09\/ion-tolstoy-unsplash-300x152.jpg 300w, https:\/\/lafabriqueavoyages62.com\/wp-content\/uploads\/2023\/09\/ion-tolstoy-unsplash-768x390.jpg 768w, https:\/\/lafabriqueavoyages62.com\/wp-content\/uploads\/2023\/09\/ion-tolstoy-unsplash-1536x781.jpg 1536w, https:\/\/lafabriqueavoyages62.com\/wp-content\/uploads\/2023\/09\/ion-tolstoy-unsplash-2048x1041.jpg 2048w\" sizes=\"auto, (max-width: 1024px) 100vw, 1024px\" \/>\t\t\t\t\t\t\t\t\t\t\t<figcaption class=\"widget-image-caption wp-caption-text\">Photo de Ion Tolstoy sur Unsplash<\/figcaption>\n\t\t\t\t\t\t\t\t\t\t<\/figure>\n\t\t\t\t\t\t\t\t\t<\/div>\n\t\t\t\t<\/div>\n\t\t\t\t\t<\/div>\n\t\t<\/div>\n\t\t\t\t\t\t\t<\/div>\n\t\t<\/section>\n\t\t\t\t<section class=\"elementor-section elementor-top-section elementor-element elementor-element-b16ea1d elementor-section-boxed elementor-section-height-default elementor-section-height-default\" data-id=\"b16ea1d\" data-element_type=\"section\">\n\t\t\t\t\t\t<div class=\"elementor-container elementor-column-gap-default\">\n\t\t\t\t\t<div class=\"elementor-column elementor-col-100 elementor-top-column elementor-element elementor-element-03624ec\" data-id=\"03624ec\" data-element_type=\"column\">\n\t\t\t<div class=\"elementor-widget-wrap elementor-element-populated\">\n\t\t\t\t\t\t\t\t<div class=\"elementor-element elementor-element-3062771 elementor-widget elementor-widget-text-editor\" data-id=\"3062771\" data-element_type=\"widget\" data-widget_type=\"text-editor.default\">\n\t\t\t\t<div class=\"elementor-widget-container\">\n\t\t\t\t\t\t\t<h2><b>Pourquoi voyager en van ?<\/b><\/h2><p>Voyager en van, c\u2019est un mode de vie qui fait r\u00eaver plus d\u2019une personne. Plus qu\u2019une fa\u00e7on de vivre, la VanLife est un \u00e9tat d\u2019esprit. C\u2019est prendre le temps de vivre pour soi, se reconnecter \u00e0 l\u2019instant pr\u00e9sent. Le projet parfait pour les individus en qu\u00eate d\u2019aventures, de voyages, de nature, de libert\u00e9 et de changement. La France compte chaque ann\u00e9e, plus de personnes qui sautent le pas et d\u00e9cident d\u2019acheter un van pour l\u2019am\u00e9nager.<span class=\"Apple-converted-space\">\u00a0<\/span><\/p><h2><b>Quel van choisir ?<\/b><\/h2><p>De nombreux mod\u00e8les de vans existent et vous pouvez vite \u00eatre perdu(e). Pour le choix, pensez d\u2019abord \u00e0 vous fier \u00e0 vos plans d\u2019am\u00e9nagement, c\u2019est \u00e0 ce moment qu\u2019ils se r\u00e9v\u00e8leront tr\u00e8s utiles. Plusieurs points sont importants \u00e0 prendre en compte lors de l\u2019achat :<\/p><ul><li><strong>La taille du van<\/strong> : il doit \u00eatre assez grand pour accueillir vos passagers, affaires et offrir un espace de vie confortable.<\/li><li><strong>Kilom\u00e9trage<\/strong> : dans le cas d\u2019un achat d\u2019occasion, pensez \u00e0 v\u00e9rifier le kilom\u00e9trage. L\u2019id\u00e9al est qu\u2019il soit bas pour minimiser les risques de pannes pendant votre voyage.<\/li><li><strong>Fiabilit\u00e9<\/strong> : pensez \u00e0 faire le tour des forums pour s\u00e9lectionner des vans r\u00e9put\u00e9s pour leur fiabilit\u00e9. On pense au Citro\u00ebn Jumper, Fiat Ducato, ou Renault Trafic.<\/li><li><strong>Consommation en carburant<\/strong> : faites attention \u00e0 ce point important, surtout si vous vous appr\u00eatez \u00e0 rouler de longues heures. Pour r\u00e9duire vos co\u00fbts de voyage, optez pour un v\u00e9hicule \u00e0 faible consommation carburant.<\/li><\/ul><h2><b>Quel est le prix d\u2019un van am\u00e9nag\u00e9 ?<\/b><\/h2><p>Le prix d\u2019un van am\u00e9nag\u00e9 peut fortement varier en fonction de plusieurs facteurs : s\u2019il s\u2019agit d\u2019un van d\u2019occasion ou neuf, de l\u2019espace disponible, de la qualit\u00e9 des mat\u00e9riaux et si vous r\u00e9alisez l\u2019op\u00e9ration vous-m\u00eame ou si vous passez par un professionnel. Pour un van ou un fourgon avec un am\u00e9nagement classique et confortable (cuisine, lit, rangement), comptez un prix moyen entre 15 000\u20ac et 30 000\u20ac. Pour un van neuf, avec un am\u00e9nagement haut de gamme, le prix grimpe et peut \u00eatre sup\u00e9rieur \u00e0 30 000\u20ac voire atteindre 50 000\u20ac. Ces fourchettes de prix sont des exemples puisque le co\u00fbt total de ce type de projet varie selon vos choix personnels. Pensez \u00e0 bien d\u00e9finir un budget comprenant vos besoins et pr\u00e9f\u00e9rences.<\/p><p>Pour r\u00e9sumer, le prix final d\u2019un van am\u00e9nag\u00e9 peut vite augmenter selon le type du v\u00e9hicule et de ses options, de l\u2019espace disponible et du type d\u2019am\u00e9nagement que vous pr\u00e9voyez. En plus de l\u2019am\u00e9nagement pensez \u00e9galement \u00e0 ajouter les frais d\u2019assurance, d\u2019entretien et de carburant.<\/p>\t\t\t\t\t\t<\/div>\n\t\t\t\t<\/div>\n\t\t\t\t\t<\/div>\n\t\t<\/div>\n\t\t\t\t\t\t\t<\/div>\n\t\t<\/section>\n\t\t\t\t\t\t\t<\/div>\n\t\t","protected":false},"excerpt":{"rendered":"<p>Depuis quelques ann\u00e9es maintenant, la VanLife a fait son apparition. Ce mode de vie consiste \u00e0 tout quitter pour voyager dans un van ou un fourgon am\u00e9nag\u00e9 et se (re)connecter&#8230;<\/p>\n","protected":false},"author":1,"featured_media":384,"comment_status":"closed","ping_status":"closed","sticky":false,"template":"","format":"standard","meta":{"footnotes":""},"categories":[1],"tags":[],"class_list":{"0":"post-331","1":"post","2":"type-post","3":"status-publish","4":"format-standard","5":"has-post-thumbnail","7":"category-non-classe"},"_links":{"self":[{"href":"https:\/\/lafabriqueavoyages62.com\/index.php\/wp-json\/wp\/v2\/posts\/331","targetHints":{"allow":["GET"]}}],"collection":[{"href":"https:\/\/lafabriqueavoyages62.com\/index.php\/wp-json\/wp\/v2\/posts"}],"about":[{"href":"https:\/\/lafabriqueavoyages62.com\/index.php\/wp-json\/wp\/v2\/types\/post"}],"author":[{"embeddable":true,"href":"https:\/\/lafabriqueavoyages62.com\/index.php\/wp-json\/wp\/v2\/users\/1"}],"replies":[{"embeddable":true,"href":"https:\/\/lafabriqueavoyages62.com\/index.php\/wp-json\/wp\/v2\/comments?post=331"}],"version-history":[{"count":12,"href":"https:\/\/lafabriqueavoyages62.com\/index.php\/wp-json\/wp\/v2\/posts\/331\/revisions"}],"predecessor-version":[{"id":518,"href":"https:\/\/lafabriqueavoyages62.com\/index.php\/wp-json\/wp\/v2\/posts\/331\/revisions\/518"}],"wp:featuredmedia":[{"embeddable":true,"href":"https:\/\/lafabriqueavoyages62.com\/index.php\/wp-json\/wp\/v2\/media\/384"}],"wp:attachment":[{"href":"https:\/\/lafabriqueavoyages62.com\/index.php\/wp-json\/wp\/v2\/media?parent=331"}],"wp:term":[{"taxonomy":"category","embeddable":true,"href":"https:\/\/lafabriqueavoyages62.com\/index.php\/wp-json\/wp\/v2\/categories?post=331"},{"taxonomy":"post_tag","embeddable":true,"href":"https:\/\/lafabriqueavoyages62.com\/index.php\/wp-json\/wp\/v2\/tags?post=331"}],"curies":[{"name":"wp","href":"https:\/\/api.w.org\/{rel}","templated":true}]}}